{"id":853,"date":"2023-04-29T00:40:21","date_gmt":"2023-04-29T00:40:21","guid":{"rendered":"http:\/\/www.administracionpublica.utalca.cl\/?p=853"},"modified":"2023-04-29T00:58:41","modified_gmt":"2023-04-29T00:58:41","slug":"primera-generacion-de-estudiantes-de-administracion-publica-talca-celebra-su-titulacion","status":"publish","type":"post","link":"https:\/\/www.administracionpublica.utalca.cl\/?p=853","title":{"rendered":"Primera generaci\u00f3n de estudiantes de Administraci\u00f3n P\u00fablica UTalca celebr\u00f3 su titulaci\u00f3n"},"content":{"rendered":"<p>Fue en marzo de 2018 cuando la carrera de Administraci\u00f3n P\u00fablica, campus Talca, de la Facultad de Ciencias Jur\u00eddicas y Sociales de la Universidad de Talca recibi\u00f3 a sus primeros estudiantes, y hoy diez de ellos celebraron su titulaci\u00f3n acompa\u00f1ados de sus seres queridos y profesores.<\/p>\n<p>Ver\u00f3nica Andrade, Francisca Correa, Carolina Fierro, Rosario Medina, Andrea Riquelme, Bianca Valenzuela, Marco Valenzuela, Juan Pablo V\u00e1squez, Yenifer Villagra y Catalina Sandoval, fueron parte de esta primera generaci\u00f3n de titulados.<\/p>\n<p>Al respecto, Carlos Torres Fuchslocher, Rector de la Universidad de Talca, expres\u00f3 que cuando pens\u00f3 \u201cpor primera vez en la carrera de Administraci\u00f3n P\u00fablica, fue cuando ya ejerc\u00eda mi profesi\u00f3n y al d\u00eda de hoy me veo en un cargo en que, tal vez, hubiese sido lo m\u00e1s sensato haber estudiado esta carrera. Creo que es muy vers\u00e1til en el sentido de que combina una serie de disciplinas orientadas al servicio p\u00fablico y eso para nosotros es fundamental como universidad p\u00fablica regional\u201d.<\/p>\n<p>Por su parte, Iv\u00e1n Obando Camino, Decano de la Facultad de Ciencias Jur\u00eddicas y Sociales, se\u00f1al\u00f3 que \u201cla graduaci\u00f3n de la clase 2018 de Administraci\u00f3n P\u00fablica es expresi\u00f3n de nuestra vocaci\u00f3n p\u00fablica universitaria, que se traduce en ofrecer a la regi\u00f3n y al pa\u00eds, profesionales altamente preparados para la modernizaci\u00f3n y gesti\u00f3n del gobierno nacional, local y del sector no gubernamental\u201d.<\/p>\n<p>El director de la Escuela de Administraci\u00f3n P\u00fablica y Ciencia Pol\u00edtica en Talca, Fernando Soto Ram\u00edrez, invit\u00f3 a los egresados a \u201cponer en pr\u00e1ctica sus conocimientos y experiencias aprendidas, as\u00ed como los valores recogidos en la escuela, la \u00e9tica p\u00fablica, la eficiencia, la eficacia. Me siento tremendamente emocionado, a muchos de estos chicos los conozco desde peque\u00f1os, estuve con ellos en casi todo su proceso formativo, conozco a sus familias, entonces es muy emotivo para mi\u201d.<\/p>\n<p><strong>Estudiantes de la primera generaci\u00f3n<\/strong><\/p>\n<p>La carrera de Administraci\u00f3n P\u00fablica, campus Talca, tambi\u00e9n cont\u00f3 con una estudiante destacada, Andrea Riquelme Mi\u00f1o, quien asegur\u00f3 que \u201cla carrera super\u00f3 por creces mis expectativas (&#8230;) Tuve muchas oportunidades para crecer durante estos cinco a\u00f1os, particip\u00e9 en muchos centros de administraci\u00f3n, en actividades de vinculaci\u00f3n con el medio, y siento que todo eso me prepar\u00f3 para ser una mejor profesional\u201d.<\/p>\n<p>Por su parte, la tambi\u00e9n egresada, Rosario Medina, manifest\u00f3 que ella y sus compa\u00f1eros \u201ca base de trabajo, esfuerzo y mucho estudio logramos posicionarnos dentro de la universidad, facultad y tambi\u00e9n de la regi\u00f3n del Maule. Estoy feliz, orgullosa de la calidad de profesionales y colegas que voy a tener\u201d.<\/p>\n<p>Finalmente, la madre de Rosario, Doria Mu\u00f1oz Mej\u00edas, tambi\u00e9n quiso emitir sus apreciaciones respecto a este hito de la carrera de Administraci\u00f3n P\u00fablica UTalca, y dijo estar orgullosa \u201cde este logro, partimos con muchos temores y muchas inquietudes. Rosario no estaba segura de entrar a esta carrera, pero en el proceso la fue descubriendo, se fue enamorando de ella. Adem\u00e1s, la calidad humana de los profesores de esta carrera es incre\u00edble\u201d.<\/p>\n","protected":false},"excerpt":{"rendered":"<p>Fue en marzo de 2018 cuando la carrera de Administraci\u00f3n P\u00fablica, campus Talca, de la Facultad de Ciencias Jur\u00eddicas y Sociales de la Universidad de Talca recibi\u00f3 a sus primeros estudiantes, y hoy diez de ellos celebraron su titulaci\u00f3n acompa\u00f1ados de sus seres queridos y profesores. Ver\u00f3nica Andrade, Francisca Correa, Carolina Fierro, Rosario Medina, Andrea [&hellip;]<\/p>\n","protected":false},"author":2,"featured_media":854,"comment_status":"open","ping_status":"open","sticky":false,"template":"","format":"standard","meta":[],"categories":[4],"tags":[],"_links":{"self":[{"href":"https:\/\/www.administracionpublica.utalca.cl\/index.php?rest_route=\/wp\/v2\/posts\/853"}],"collection":[{"href":"https:\/\/www.administracionpublica.utalca.cl\/index.php?rest_route=\/wp\/v2\/posts"}],"about":[{"href":"https:\/\/www.administracionpublica.utalca.cl\/index.php?rest_route=\/wp\/v2\/types\/post"}],"author":[{"embeddable":true,"href":"https:\/\/www.administracionpublica.utalca.cl\/index.php?rest_route=\/wp\/v2\/users\/2"}],"replies":[{"embeddable":true,"href":"https:\/\/www.administracionpublica.utalca.cl\/index.php?rest_route=%2Fwp%2Fv2%2Fcomments&post=853"}],"version-history":[{"count":5,"href":"https:\/\/www.administracionpublica.utalca.cl\/index.php?rest_route=\/wp\/v2\/posts\/853\/revisions"}],"predecessor-version":[{"id":865,"href":"https:\/\/www.administracionpublica.utalca.cl\/index.php?rest_route=\/wp\/v2\/posts\/853\/revisions\/865"}],"wp:featuredmedia":[{"embeddable":true,"href":"https:\/\/www.administracionpublica.utalca.cl\/index.php?rest_route=\/wp\/v2\/media\/854"}],"wp:attachment":[{"href":"https:\/\/www.administracionpublica.utalca.cl\/index.php?rest_route=%2Fwp%2Fv2%2Fmedia&parent=853"}],"wp:term":[{"taxonomy":"category","embeddable":true,"href":"https:\/\/www.administracionpublica.utalca.cl\/index.php?rest_route=%2Fwp%2Fv2%2Fcategories&post=853"},{"taxonomy":"post_tag","embeddable":true,"href":"https:\/\/www.administracionpublica.utalca.cl\/index.php?rest_route=%2Fwp%2Fv2%2Ftags&post=853"}],"curies":[{"name":"wp","href":"https:\/\/api.w.org\/{rel}","templated":true}]}}