{"id":867,"date":"2023-05-05T18:31:23","date_gmt":"2023-05-05T18:31:23","guid":{"rendered":"http:\/\/www.administracionpublica.utalca.cl\/?p=867"},"modified":"2023-05-05T18:40:58","modified_gmt":"2023-05-05T18:40:58","slug":"estudiantes-de-administracion-publica-santiago-participaron-de-conversatorio-con-egresados-de-la-carrera","status":"publish","type":"post","link":"https:\/\/www.administracionpublica.utalca.cl\/?p=867","title":{"rendered":"Estudiantes de Administraci\u00f3n P\u00fablica campus Santiago participaron de conversatorio con egresados de la carrera"},"content":{"rendered":"<p>Los estudiantes de la carrera de Administraci\u00f3n P\u00fablica campus Santiago participaron de un conversatorio con tres egresados de la Universidad de Talca para conocer los desaf\u00edos del mundo laboral. Entre ellos estaban Natalia Abarca, Erick Moreno y Fabi\u00e1n Belmar, quienes actualmente trabajan tanto en el sector p\u00fablico como privado. <\/p>\n<p>Al respecto, Fernanda Lagos, presidenta del Centro de Estudiantes de Administraci\u00f3n P\u00fablica, campus Santiago, detall\u00f3 que los tres les \u201ccontaron de su experiencia, las dificultades que atravesaron, c\u00f3mo lograron superarlas y cu\u00e1l hab\u00eda sido el sello distintivo que les entreg\u00f3 la universidad, con el objetivo de orientarnos y tener referencias al momento de entrar al mercado laboral\u201d.<\/p>\n<p>Entre otras cosas compartieron reflexiones sobre la carrera con los estudiantes, Erick por su parte, quien se ha dedicado mayoritariamente al trabajo en el sector p\u00fablico, hizo hincapi\u00e9 en que \u201cla carrera permite pensar en los otros, resolver los problemas de inter\u00e9s social\u201d. <\/p>\n<p>Natalia en tanto, destac\u00f3 que Administraci\u00f3n P\u00fablica es una carrera muy vers\u00e1til, la malla curricular integra de todo un poco, leyes, derecho, \u00e9tica (&#8230;) existe \u201cesta habilidad del funcionario p\u00fablico tiene que ver con el trato, nosotros podemos hacer el cambio sobre c\u00f3mo actualmente se le ve al administrador p\u00fablico\u201d. <\/p>\n<p>Finalmente, Fabi\u00e1n Belmar, cont\u00f3 que descubri\u00f3 su gusto por la administraci\u00f3n p\u00fablica cuando conoci\u00f3 el trabajo en las fundaciones, lugar donde prestaba \u201casesor\u00eda t\u00e9cnica, legal y pol\u00edtica, entonces me llam\u00f3 m\u00e1s la atenci\u00f3n lo que tiene que ver con consultor\u00eda, manejo de bases de datos\u201d hecho por el cual termin\u00f3 dedic\u00e1ndose a la investigaci\u00f3n. <\/p>\n","protected":false},"excerpt":{"rendered":"<p>Los estudiantes de la carrera de Administraci\u00f3n P\u00fablica campus Santiago participaron de un conversatorio con tres egresados de la Universidad de Talca para conocer los desaf\u00edos del mundo laboral. Entre ellos estaban Natalia Abarca, Erick Moreno y Fabi\u00e1n Belmar, quienes actualmente trabajan tanto en el sector p\u00fablico como privado. Al respecto, Fernanda Lagos, presidenta del [&hellip;]<\/p>\n","protected":false},"author":2,"featured_media":868,"comment_status":"open","ping_status":"open","sticky":false,"template":"","format":"standard","meta":[],"categories":[4],"tags":[],"_links":{"self":[{"href":"https:\/\/www.administracionpublica.utalca.cl\/index.php?rest_route=\/wp\/v2\/posts\/867"}],"collection":[{"href":"https:\/\/www.administracionpublica.utalca.cl\/index.php?rest_route=\/wp\/v2\/posts"}],"about":[{"href":"https:\/\/www.administracionpublica.utalca.cl\/index.php?rest_route=\/wp\/v2\/types\/post"}],"author":[{"embeddable":true,"href":"https:\/\/www.administracionpublica.utalca.cl\/index.php?rest_route=\/wp\/v2\/users\/2"}],"replies":[{"embeddable":true,"href":"https:\/\/www.administracionpublica.utalca.cl\/index.php?rest_route=%2Fwp%2Fv2%2Fcomments&post=867"}],"version-history":[{"count":4,"href":"https:\/\/www.administracionpublica.utalca.cl\/index.php?rest_route=\/wp\/v2\/posts\/867\/revisions"}],"predecessor-version":[{"id":875,"href":"https:\/\/www.administracionpublica.utalca.cl\/index.php?rest_route=\/wp\/v2\/posts\/867\/revisions\/875"}],"wp:featuredmedia":[{"embeddable":true,"href":"https:\/\/www.administracionpublica.utalca.cl\/index.php?rest_route=\/wp\/v2\/media\/868"}],"wp:attachment":[{"href":"https:\/\/www.administracionpublica.utalca.cl\/index.php?rest_route=%2Fwp%2Fv2%2Fmedia&parent=867"}],"wp:term":[{"taxonomy":"category","embeddable":true,"href":"https:\/\/www.administracionpublica.utalca.cl\/index.php?rest_route=%2Fwp%2Fv2%2Fcategories&post=867"},{"taxonomy":"post_tag","embeddable":true,"href":"https:\/\/www.administracionpublica.utalca.cl\/index.php?rest_route=%2Fwp%2Fv2%2Ftags&post=867"}],"curies":[{"name":"wp","href":"https:\/\/api.w.org\/{rel}","templated":true}]}}