{"id":888,"date":"2023-05-15T00:46:28","date_gmt":"2023-05-15T00:46:28","guid":{"rendered":"http:\/\/www.administracionpublica.utalca.cl\/?p=888"},"modified":"2023-05-15T00:53:22","modified_gmt":"2023-05-15T00:53:22","slug":"decano-ivan-obando-se-reune-con-centros-de-estudiantes-de-administracion-publica","status":"publish","type":"post","link":"https:\/\/www.administracionpublica.utalca.cl\/?p=888","title":{"rendered":"Decano Iv\u00e1n Obando se re\u00fane con Centros de Estudiantes de Administraci\u00f3n P\u00fablica"},"content":{"rendered":"<p>El Decano de la Facultad de Ciencias Jur\u00eddicas y Sociales de la Universidad de Talca, Iv\u00e1n Obando Camino, se reuni\u00f3 con los Centros de Estudiantes de la carrera de Administraci\u00f3n P\u00fablica del campus Santiago y Talca. <\/p>\n<p>Al respecto, el Decano indic\u00f3 que las reuniones con ambos Centros de Estudiantes \u00abhan tenido por objeto conocer a las y los representantes del estudiantado, procurar responder sus principales inquietudes acad\u00e9micas y expresar nuestra disposici\u00f3n para colaborar en todas aquellas actividades que ellas y ellos consideren pertinentes.\u00bb<\/p>\n<p>Fernanda Lagos, Presidenta del Centro de Estudiantes de Administraci\u00f3n P\u00fablica campus Santiago, expres\u00f3 que \u201cel decano tuvo una buena recepci\u00f3n y nos escuch\u00f3 atentamente cuando le expusimos nuestras inquietudes, entre las m\u00e1s importantes, el cierre de nuestra carrera en Santiago. Tambi\u00e9n hablamos respecto a ramos, relaci\u00f3n con el medio y el plan de pr\u00e1cticas que se hab\u00eda implementado el a\u00f1o pasado\u201d.<\/p>\n<p>Por su parte, Macarena Miranda Novoa, Secretaria General de Administraci\u00f3n P\u00fablica campus Talca, se\u00f1al\u00f3 lo siguiente: \u201cme pareci\u00f3 acogedora la recepci\u00f3n del profesor Obando (&#8230;) Algunas de las inquietudes que presentamos dicen relaci\u00f3n con la infraestructura de la escuela, y la necesidad de contar con una sala de computaci\u00f3n\u201d. Finaliz\u00f3 expresando que \u201ces necesario que el nuevo Decano sepa la realidad que vivimos y, bajo esa l\u00ednea, esperamos seguir reuni\u00e9ndonos\u201d.<\/p>\n","protected":false},"excerpt":{"rendered":"<p>El Decano de la Facultad de Ciencias Jur\u00eddicas y Sociales de la Universidad de Talca, Iv\u00e1n Obando Camino, se reuni\u00f3 con los Centros de Estudiantes de la carrera de Administraci\u00f3n P\u00fablica del campus Santiago y Talca. Al respecto, el Decano indic\u00f3 que las reuniones con ambos Centros de Estudiantes \u00abhan tenido por objeto conocer a [&hellip;]<\/p>\n","protected":false},"author":2,"featured_media":893,"comment_status":"open","ping_status":"open","sticky":false,"template":"","format":"standard","meta":[],"categories":[4],"tags":[],"_links":{"self":[{"href":"https:\/\/www.administracionpublica.utalca.cl\/index.php?rest_route=\/wp\/v2\/posts\/888"}],"collection":[{"href":"https:\/\/www.administracionpublica.utalca.cl\/index.php?rest_route=\/wp\/v2\/posts"}],"about":[{"href":"https:\/\/www.administracionpublica.utalca.cl\/index.php?rest_route=\/wp\/v2\/types\/post"}],"author":[{"embeddable":true,"href":"https:\/\/www.administracionpublica.utalca.cl\/index.php?rest_route=\/wp\/v2\/users\/2"}],"replies":[{"embeddable":true,"href":"https:\/\/www.administracionpublica.utalca.cl\/index.php?rest_route=%2Fwp%2Fv2%2Fcomments&post=888"}],"version-history":[{"count":3,"href":"https:\/\/www.administracionpublica.utalca.cl\/index.php?rest_route=\/wp\/v2\/posts\/888\/revisions"}],"predecessor-version":[{"id":901,"href":"https:\/\/www.administracionpublica.utalca.cl\/index.php?rest_route=\/wp\/v2\/posts\/888\/revisions\/901"}],"wp:featuredmedia":[{"embeddable":true,"href":"https:\/\/www.administracionpublica.utalca.cl\/index.php?rest_route=\/wp\/v2\/media\/893"}],"wp:attachment":[{"href":"https:\/\/www.administracionpublica.utalca.cl\/index.php?rest_route=%2Fwp%2Fv2%2Fmedia&parent=888"}],"wp:term":[{"taxonomy":"category","embeddable":true,"href":"https:\/\/www.administracionpublica.utalca.cl\/index.php?rest_route=%2Fwp%2Fv2%2Fcategories&post=888"},{"taxonomy":"post_tag","embeddable":true,"href":"https:\/\/www.administracionpublica.utalca.cl\/index.php?rest_route=%2Fwp%2Fv2%2Ftags&post=888"}],"curies":[{"name":"wp","href":"https:\/\/api.w.org\/{rel}","templated":true}]}}