{"id":914,"date":"2023-05-17T16:31:33","date_gmt":"2023-05-17T16:31:33","guid":{"rendered":"http:\/\/www.administracionpublica.utalca.cl\/?p=914"},"modified":"2023-05-17T16:42:42","modified_gmt":"2023-05-17T16:42:42","slug":"estudiantes-de-administracion-publica-campus-talca-realizaron-viaje-academico-a-santiago","status":"publish","type":"post","link":"https:\/\/www.administracionpublica.utalca.cl\/?p=914","title":{"rendered":"Estudiantes de Administraci\u00f3n P\u00fablica campus Talca realizaron viaje acad\u00e9mico a Santiago"},"content":{"rendered":"<p>Estudiantes de segundo, tercero y cuarto a\u00f1o de la carrera de Administraci\u00f3n P\u00fablica de la Facultad de Ciencias Jur\u00eddicas y Sociales, campus Talca, realizaron un viaje con fines acad\u00e9micos a Santiago. En primera instancia visitaron la Direcci\u00f3n de Presupuestos de Chile y luego el Museo de la Memoria y de los Derechos Humanos. <\/p>\n<p>Durante el primer destino, los alumnos de m\u00f3dulos como: An\u00e1lisis de Pol\u00edtica P\u00fablica, Pol\u00edticas P\u00fablicas Sectoriales y Territoriales y Derecho Administrativo, participaron en una ponencia sobre evaluaci\u00f3n, ciclo presupuestario y monitoreo de programas p\u00fablicos y luego conocieron la historia del Ministerio de Hacienda y la DIPRES que incluy\u00f3 recorrido a la biblioteca \u201cJaime Andr\u00e9s Crispi Lago\u201d. <\/p>\n<p>Al respecto, el profesor de Ciencia Pol\u00edtica y Administraci\u00f3n P\u00fablica, Gustavo Rayo, se\u00f1al\u00f3 que el objetivo de este viaje fue que los estudiantes pudiesen \u201cconocer directamente una de las instituciones claves de la administraci\u00f3n y gesti\u00f3n del Estado, ocupada de liderar tanto el proceso de formulaci\u00f3n presupuestaria, como el desarrollo de los procesos destinados a monitorear la gesti\u00f3n y evaluar los programas\u201d. <\/p>\n<p>Sobre la visita al museo, Cesar Ponce Vergara, estudiante de tercer a\u00f1o de la carrera de Administraci\u00f3n P\u00fablica, campus Talca, expres\u00f3 que \u201clas acciones del pasado repercuten en las del presente y futuro, y esta visita nos hace pensar como profesionales del servicio p\u00fablico para trabajar en pos del bienestar general, de proyectar cada vez m\u00e1s la democracia y trabajar desde la ciudadan\u00eda\u201d. <\/p>\n","protected":false},"excerpt":{"rendered":"<p>Estudiantes de segundo, tercero y cuarto a\u00f1o de la carrera de Administraci\u00f3n P\u00fablica de la Facultad de Ciencias Jur\u00eddicas y Sociales, campus Talca, realizaron un viaje con fines acad\u00e9micos a Santiago. En primera instancia visitaron la Direcci\u00f3n de Presupuestos de Chile y luego el Museo de la Memoria y de los Derechos Humanos. Durante el [&hellip;]<\/p>\n","protected":false},"author":2,"featured_media":915,"comment_status":"open","ping_status":"open","sticky":false,"template":"","format":"standard","meta":[],"categories":[4],"tags":[],"_links":{"self":[{"href":"https:\/\/www.administracionpublica.utalca.cl\/index.php?rest_route=\/wp\/v2\/posts\/914"}],"collection":[{"href":"https:\/\/www.administracionpublica.utalca.cl\/index.php?rest_route=\/wp\/v2\/posts"}],"about":[{"href":"https:\/\/www.administracionpublica.utalca.cl\/index.php?rest_route=\/wp\/v2\/types\/post"}],"author":[{"embeddable":true,"href":"https:\/\/www.administracionpublica.utalca.cl\/index.php?rest_route=\/wp\/v2\/users\/2"}],"replies":[{"embeddable":true,"href":"https:\/\/www.administracionpublica.utalca.cl\/index.php?rest_route=%2Fwp%2Fv2%2Fcomments&post=914"}],"version-history":[{"count":2,"href":"https:\/\/www.administracionpublica.utalca.cl\/index.php?rest_route=\/wp\/v2\/posts\/914\/revisions"}],"predecessor-version":[{"id":923,"href":"https:\/\/www.administracionpublica.utalca.cl\/index.php?rest_route=\/wp\/v2\/posts\/914\/revisions\/923"}],"wp:featuredmedia":[{"embeddable":true,"href":"https:\/\/www.administracionpublica.utalca.cl\/index.php?rest_route=\/wp\/v2\/media\/915"}],"wp:attachment":[{"href":"https:\/\/www.administracionpublica.utalca.cl\/index.php?rest_route=%2Fwp%2Fv2%2Fmedia&parent=914"}],"wp:term":[{"taxonomy":"category","embeddable":true,"href":"https:\/\/www.administracionpublica.utalca.cl\/index.php?rest_route=%2Fwp%2Fv2%2Fcategories&post=914"},{"taxonomy":"post_tag","embeddable":true,"href":"https:\/\/www.administracionpublica.utalca.cl\/index.php?rest_route=%2Fwp%2Fv2%2Ftags&post=914"}],"curies":[{"name":"wp","href":"https:\/\/api.w.org\/{rel}","templated":true}]}}