{"id":938,"date":"2023-06-06T19:14:35","date_gmt":"2023-06-06T19:14:35","guid":{"rendered":"http:\/\/www.administracionpublica.utalca.cl\/?p=938"},"modified":"2023-06-06T19:14:35","modified_gmt":"2023-06-06T19:14:35","slug":"facultad-de-cs-juridicas-y-sociales-publica-libro-con-analisis-sobre-el-proceso-constituyente-pasado-en-chile","status":"publish","type":"post","link":"https:\/\/www.administracionpublica.utalca.cl\/?p=938","title":{"rendered":"Facultad de Cs. Jur\u00eddicas y Sociales publica libro con an\u00e1lisis sobre el proceso constituyente pasado en Chile"},"content":{"rendered":"<p>Con motivo de la conmemoraci\u00f3n de los 30 a\u00f1os de la Facultad de Ciencias Jur\u00eddicas y Sociales (FCJS) de la Universidad de Talca, es que se public\u00f3 un libro titulado: \u201cLos desaf\u00edos del proceso constituyente para el Derecho, la Administraci\u00f3n P\u00fablica y la Ciencia Pol\u00edtica\u201d.<\/p>\n<p>Al respecto, el Decano de la Facultad, Iv\u00e1n Obando Camino, se\u00f1al\u00f3 que se trata de \u201cuna obra para celebrar los 30 a\u00f1os de existencia de la Facultad y que hace una contribuci\u00f3n al pa\u00eds y a la comunidad desde las tres disciplinas existentes en la nuestra \u00e1rea acad\u00e9mica\u201d.<\/p>\n<p>Cabe recordar que la anterior propuesta de nueva Constituci\u00f3n para Chile fue rechazada en septiembre de 2022, por lo que el proceso gener\u00f3 el nacimiento de reflexiones al respecto, de las cuales no estuvo exenta la FCJS.<\/p>\n<p>Bajo esa l\u00ednea, el editor de esta publicaci\u00f3n y profesor de la Facultad, Cristian Contreras, detall\u00f3 que en esta obra \u201cse recogen los trabajos expuestos por 18 acad\u00e9micos en las III Jornadas Interdisciplinarias que tuvieron lugar en octubre de 2022 en los Campus Santiago y Talca. All\u00ed se abordaron con rigurosidad cient\u00edfica y enfoque cr\u00edtico distintas aristas del proceso constituyente que se ha desarrollado en Chile durante los \u00faltimos a\u00f1os\u201d.<\/p>\n<p>Para conocer los detalles de este libro, ingresar <a href=\"https:\/\/editorial.tirant.com\/cl\/libro\/los-desafios-del-proceso-constituyente-para-el-derecho-la-administracion-publica-y-la-ciencia-politica-9788411691789\">aqu\u00ed <\/a><\/p>\n","protected":false},"excerpt":{"rendered":"<p>Con motivo de la conmemoraci\u00f3n de los 30 a\u00f1os de la Facultad de Ciencias Jur\u00eddicas y Sociales (FCJS) de la Universidad de Talca, es que se public\u00f3 un libro titulado: \u201cLos desaf\u00edos del proceso constituyente para el Derecho, la Administraci\u00f3n P\u00fablica y la Ciencia Pol\u00edtica\u201d. Al respecto, el Decano de la Facultad, Iv\u00e1n Obando Camino, [&hellip;]<\/p>\n","protected":false},"author":2,"featured_media":939,"comment_status":"open","ping_status":"open","sticky":false,"template":"","format":"standard","meta":[],"categories":[4],"tags":[],"_links":{"self":[{"href":"https:\/\/www.administracionpublica.utalca.cl\/index.php?rest_route=\/wp\/v2\/posts\/938"}],"collection":[{"href":"https:\/\/www.administracionpublica.utalca.cl\/index.php?rest_route=\/wp\/v2\/posts"}],"about":[{"href":"https:\/\/www.administracionpublica.utalca.cl\/index.php?rest_route=\/wp\/v2\/types\/post"}],"author":[{"embeddable":true,"href":"https:\/\/www.administracionpublica.utalca.cl\/index.php?rest_route=\/wp\/v2\/users\/2"}],"replies":[{"embeddable":true,"href":"https:\/\/www.administracionpublica.utalca.cl\/index.php?rest_route=%2Fwp%2Fv2%2Fcomments&post=938"}],"version-history":[{"count":1,"href":"https:\/\/www.administracionpublica.utalca.cl\/index.php?rest_route=\/wp\/v2\/posts\/938\/revisions"}],"predecessor-version":[{"id":940,"href":"https:\/\/www.administracionpublica.utalca.cl\/index.php?rest_route=\/wp\/v2\/posts\/938\/revisions\/940"}],"wp:featuredmedia":[{"embeddable":true,"href":"https:\/\/www.administracionpublica.utalca.cl\/index.php?rest_route=\/wp\/v2\/media\/939"}],"wp:attachment":[{"href":"https:\/\/www.administracionpublica.utalca.cl\/index.php?rest_route=%2Fwp%2Fv2%2Fmedia&parent=938"}],"wp:term":[{"taxonomy":"category","embeddable":true,"href":"https:\/\/www.administracionpublica.utalca.cl\/index.php?rest_route=%2Fwp%2Fv2%2Fcategories&post=938"},{"taxonomy":"post_tag","embeddable":true,"href":"https:\/\/www.administracionpublica.utalca.cl\/index.php?rest_route=%2Fwp%2Fv2%2Ftags&post=938"}],"curies":[{"name":"wp","href":"https:\/\/api.w.org\/{rel}","templated":true}]}}