{"id":958,"date":"2023-06-07T20:20:21","date_gmt":"2023-06-07T20:20:21","guid":{"rendered":"http:\/\/www.administracionpublica.utalca.cl\/?p=958"},"modified":"2023-06-07T20:31:19","modified_gmt":"2023-06-07T20:31:19","slug":"estudiantes-de-administracion-publica-campus-talca-inician-sus-practicas-en-diversos-municipios-del-maule","status":"publish","type":"post","link":"https:\/\/www.administracionpublica.utalca.cl\/?p=958","title":{"rendered":"Estudiantes de Administraci\u00f3n P\u00fablica campus Talca inician sus pr\u00e1cticas en diversos municipios del Maule"},"content":{"rendered":"<p>La segunda generaci\u00f3n de estudiantes de la Escuela de Ciencia Pol\u00edtica y Administraci\u00f3n P\u00fablica campus Talca, de la Facultad de Ciencias Jur\u00eddicas y Sociales de la Universidad de Talca, comenz\u00f3 su pr\u00e1ctica profesional I en distintos municipios de la regi\u00f3n del Maule. <\/p>\n<p>Lo anterior, gracias a un convenio entre la Escuela y la Asociaci\u00f3n Chilena de Municipalidades, lo que ha permitido que actualmente 10 estudiantes de quinto a\u00f1o de la carrera est\u00e9n nutriendo sus conocimientos en los municipios de las comunas de Curic\u00f3, Molina, San Javier, San Clemente, Cauquenes, Pencahue, San Rafael y Pelarco. <\/p>\n<p>Al respecto, el Director de Escuela, Fernando Soto Ram\u00edrez, se\u00f1al\u00f3 que junto al docente a cargo de las pr\u00e1cticas profesionales, Juan Vega, visitaron a lugares de pr\u00e1ctica \u201cpara ver en qu\u00e9 condiciones se encontraban nuestros estudiantes, qu\u00e9 labores est\u00e1n realizando, y tambi\u00e9n para entrevistarnos con sus supervisores y as\u00ed ver si tenemos que hacer algunos ajustes para que estas 270 horas sean tremendamente provechosas para la formaci\u00f3n de nuestros j\u00f3venes estudiantes\u201d.<\/p>\n","protected":false},"excerpt":{"rendered":"<p>La segunda generaci\u00f3n de estudiantes de la Escuela de Ciencia Pol\u00edtica y Administraci\u00f3n P\u00fablica campus Talca, de la Facultad de Ciencias Jur\u00eddicas y Sociales de la Universidad de Talca, comenz\u00f3 su pr\u00e1ctica profesional I en distintos municipios de la regi\u00f3n del Maule. Lo anterior, gracias a un convenio entre la Escuela y la Asociaci\u00f3n Chilena [&hellip;]<\/p>\n","protected":false},"author":2,"featured_media":959,"comment_status":"open","ping_status":"open","sticky":false,"template":"","format":"standard","meta":[],"categories":[4],"tags":[],"_links":{"self":[{"href":"https:\/\/www.administracionpublica.utalca.cl\/index.php?rest_route=\/wp\/v2\/posts\/958"}],"collection":[{"href":"https:\/\/www.administracionpublica.utalca.cl\/index.php?rest_route=\/wp\/v2\/posts"}],"about":[{"href":"https:\/\/www.administracionpublica.utalca.cl\/index.php?rest_route=\/wp\/v2\/types\/post"}],"author":[{"embeddable":true,"href":"https:\/\/www.administracionpublica.utalca.cl\/index.php?rest_route=\/wp\/v2\/users\/2"}],"replies":[{"embeddable":true,"href":"https:\/\/www.administracionpublica.utalca.cl\/index.php?rest_route=%2Fwp%2Fv2%2Fcomments&post=958"}],"version-history":[{"count":2,"href":"https:\/\/www.administracionpublica.utalca.cl\/index.php?rest_route=\/wp\/v2\/posts\/958\/revisions"}],"predecessor-version":[{"id":967,"href":"https:\/\/www.administracionpublica.utalca.cl\/index.php?rest_route=\/wp\/v2\/posts\/958\/revisions\/967"}],"wp:featuredmedia":[{"embeddable":true,"href":"https:\/\/www.administracionpublica.utalca.cl\/index.php?rest_route=\/wp\/v2\/media\/959"}],"wp:attachment":[{"href":"https:\/\/www.administracionpublica.utalca.cl\/index.php?rest_route=%2Fwp%2Fv2%2Fmedia&parent=958"}],"wp:term":[{"taxonomy":"category","embeddable":true,"href":"https:\/\/www.administracionpublica.utalca.cl\/index.php?rest_route=%2Fwp%2Fv2%2Fcategories&post=958"},{"taxonomy":"post_tag","embeddable":true,"href":"https:\/\/www.administracionpublica.utalca.cl\/index.php?rest_route=%2Fwp%2Fv2%2Ftags&post=958"}],"curies":[{"name":"wp","href":"https:\/\/api.w.org\/{rel}","templated":true}]}}